{"id":12229,"date":"2020-12-21T14:39:38","date_gmt":"2020-12-21T13:39:38","guid":{"rendered":"http:\/\/www.nordkurier-mediengruppe.de\/?p=12229"},"modified":"2021-02-25T09:24:26","modified_gmt":"2021-02-25T08:24:26","slug":"reporter-m-w-in-vollzeit","status":"publish","type":"post","link":"https:\/\/www.nordkurier-mediengruppe.de\/en\/2020\/12\/21\/reporter-m-w-in-vollzeit\/","title":{"rendered":"Reporter (m\/w)  in Vollzeit"},"content":{"rendered":"<div data-elementor-type=\"wp-post\" data-elementor-id=\"12229\" class=\"elementor elementor-12229\" data-elementor-post-type=\"post\">\n\t\t\t\t\t\t<section class=\"elementor-section elementor-top-section elementor-element elementor-element-6a61443d elementor-section-boxed elementor-section-height-default elementor-section-height-default\" data-id=\"6a61443d\" data-element_type=\"section\" data-e-type=\"section\">\n\t\t\t\t\t\t<div class=\"elementor-container elementor-column-gap-default\">\n\t\t\t\t\t<div class=\"elementor-column elementor-col-100 elementor-top-column elementor-element elementor-element-c6b780c\" data-id=\"c6b780c\" data-element_type=\"column\" data-e-type=\"column\">\n\t\t\t<div class=\"elementor-widget-wrap elementor-element-populated\">\n\t\t\t\t\t\t<div class=\"elementor-element elementor-element-39a73d32 elementor-widget elementor-widget-spacer\" data-id=\"39a73d32\" data-element_type=\"widget\" data-e-type=\"widget\" data-widget_type=\"spacer.default\">\n\t\t\t\t<div class=\"elementor-widget-container\">\n\t\t\t\t\t\t\t<div class=\"elementor-spacer\">\n\t\t\t<div class=\"elementor-spacer-inner\"><\/div>\n\t\t<\/div>\n\t\t\t\t\t\t<\/div>\n\t\t\t\t<\/div>\n\t\t\t\t\t<\/div>\n\t\t<\/div>\n\t\t\t\t\t<\/div>\n\t\t<\/section>\n\t\t\t\t<section class=\"elementor-section elementor-top-section elementor-element elementor-element-2166b34c elementor-section-boxed elementor-section-height-default elementor-section-height-default\" data-id=\"2166b34c\" data-element_type=\"section\" data-e-type=\"section\" data-settings=\"{&quot;background_background&quot;:&quot;classic&quot;}\">\n\t\t\t\t\t\t<div class=\"elementor-container elementor-column-gap-default\">\n\t\t\t\t\t<div class=\"elementor-column elementor-col-100 elementor-top-column elementor-element elementor-element-3f2589d0\" data-id=\"3f2589d0\" data-element_type=\"column\" data-e-type=\"column\" data-settings=\"{&quot;background_background&quot;:&quot;classic&quot;}\">\n\t\t\t<div class=\"elementor-widget-wrap elementor-element-populated\">\n\t\t\t\t\t\t<div class=\"elementor-element elementor-element-509abcdf elementor-widget elementor-widget-heading\" data-id=\"509abcdf\" data-element_type=\"widget\" data-e-type=\"widget\" data-widget_type=\"heading.default\">\n\t\t\t\t<div class=\"elementor-widget-container\">\n\t\t\t\t\t<h2 class=\"elementor-heading-title elementor-size-default\">Reporter (m\/w) in Vollzeit <\/h2>\t\t\t\t<\/div>\n\t\t\t\t<\/div>\n\t\t\t\t<div class=\"elementor-element elementor-element-7d2aa001 elementor-widget elementor-widget-text-editor\" data-id=\"7d2aa001\" data-element_type=\"widget\" data-e-type=\"widget\" data-widget_type=\"text-editor.default\">\n\t\t\t\t<div class=\"elementor-widget-container\">\n\t\t\t\t\t\t\t\t\t<div class=\"wpb_text_column wpb_content_element\"><div class=\"wpb_wrapper\"><p>Wo? Prenzlau<\/p><p>Sie suchen eine neue berufliche Herausforderung? Die Uckermark Kurier GmbH &amp; Co. KG sucht einen ambitionierten<\/p><p>Reporter (m\/w) in Vollzeit<\/p><\/div><\/div>\t\t\t\t\t\t\t\t<\/div>\n\t\t\t\t<\/div>\n\t\t\t\t<div class=\"elementor-element elementor-element-744cdef elementor-widget-divider--view-line elementor-widget elementor-widget-divider\" data-id=\"744cdef\" data-element_type=\"widget\" data-e-type=\"widget\" data-widget_type=\"divider.default\">\n\t\t\t\t<div class=\"elementor-widget-container\">\n\t\t\t\t\t\t\t<div class=\"elementor-divider\">\n\t\t\t<span class=\"elementor-divider-separator\">\n\t\t\t\t\t\t<\/span>\n\t\t<\/div>\n\t\t\t\t\t\t<\/div>\n\t\t\t\t<\/div>\n\t\t\t\t<div class=\"elementor-element elementor-element-7ae0f43 elementor-widget elementor-widget-heading\" data-id=\"7ae0f43\" data-element_type=\"widget\" data-e-type=\"widget\" data-widget_type=\"heading.default\">\n\t\t\t\t<div class=\"elementor-widget-container\">\n\t\t\t\t\t<h3 class=\"elementor-heading-title elementor-size-default\">Ihre Aufgaben<\/h3>\t\t\t\t<\/div>\n\t\t\t\t<\/div>\n\t\t\t\t<div class=\"elementor-element elementor-element-380201e elementor-widget elementor-widget-text-editor\" data-id=\"380201e\" data-element_type=\"widget\" data-e-type=\"widget\" data-widget_type=\"text-editor.default\">\n\t\t\t\t<div class=\"elementor-widget-container\">\n\t\t\t\t\t\t\t\t\t<div class=\"wpb_text_column wpb_content_element\"><div class=\"wpb_wrapper\"><ul><li>Leserrelevante Themensetzung<\/li><li>Recherchieren, Texten, Fotografieren und Filmen von Beitr\u00e4gen f\u00fcr unsere Medien<\/li><li>Kontakt halten zu unseren Lesern und Zuschauern<\/li><\/ul><\/div><\/div>\t\t\t\t\t\t\t\t<\/div>\n\t\t\t\t<\/div>\n\t\t\t\t<div class=\"elementor-element elementor-element-4d9d109 elementor-widget-divider--view-line elementor-widget elementor-widget-divider\" data-id=\"4d9d109\" data-element_type=\"widget\" data-e-type=\"widget\" data-widget_type=\"divider.default\">\n\t\t\t\t<div class=\"elementor-widget-container\">\n\t\t\t\t\t\t\t<div class=\"elementor-divider\">\n\t\t\t<span class=\"elementor-divider-separator\">\n\t\t\t\t\t\t<\/span>\n\t\t<\/div>\n\t\t\t\t\t\t<\/div>\n\t\t\t\t<\/div>\n\t\t\t\t<div class=\"elementor-element elementor-element-5da6f83e elementor-widget elementor-widget-heading\" data-id=\"5da6f83e\" data-element_type=\"widget\" data-e-type=\"widget\" data-widget_type=\"heading.default\">\n\t\t\t\t<div class=\"elementor-widget-container\">\n\t\t\t\t\t<h3 class=\"elementor-heading-title elementor-size-default\">Voraussetzungen, die wir uns w\u00fcnschen<\/h3>\t\t\t\t<\/div>\n\t\t\t\t<\/div>\n\t\t\t\t<div class=\"elementor-element elementor-element-1ea52c52 elementor-widget elementor-widget-text-editor\" data-id=\"1ea52c52\" data-element_type=\"widget\" data-e-type=\"widget\" data-widget_type=\"text-editor.default\">\n\t\t\t\t<div class=\"elementor-widget-container\">\n\t\t\t\t\t\t\t\t\t<p>Sie verf\u00fcgen \u00fcber eine fundierte journalistische Ausbildung und haben Lust, sich den Herausforderungen des Medienwandels zu stellen. Insbesondere wollen Sie nicht nur f\u00fcr eine gedruckte Lokalzeitung arbeiten, sondern f\u00fcr eine multimediale Lokalredaktion. Sie haben ein Gesp\u00fcr f\u00fcr regionale und lokale Themen, die unsere Leser interessieren. Sie sind sicher im Umgang mit digitalen Medien und sozialen Netzwerken sowie mit entsprechenden Erz\u00e4hlformen. Sie sind integer.<\/p>\t\t\t\t\t\t\t\t<\/div>\n\t\t\t\t<\/div>\n\t\t\t\t<div class=\"elementor-element elementor-element-f58254c elementor-widget-divider--view-line elementor-widget elementor-widget-divider\" data-id=\"f58254c\" data-element_type=\"widget\" data-e-type=\"widget\" data-widget_type=\"divider.default\">\n\t\t\t\t<div class=\"elementor-widget-container\">\n\t\t\t\t\t\t\t<div class=\"elementor-divider\">\n\t\t\t<span class=\"elementor-divider-separator\">\n\t\t\t\t\t\t<\/span>\n\t\t<\/div>\n\t\t\t\t\t\t<\/div>\n\t\t\t\t<\/div>\n\t\t\t\t<div class=\"elementor-element elementor-element-754ec55c elementor-widget elementor-widget-heading\" data-id=\"754ec55c\" data-element_type=\"widget\" data-e-type=\"widget\" data-widget_type=\"heading.default\">\n\t\t\t\t<div class=\"elementor-widget-container\">\n\t\t\t\t\t<h3 class=\"elementor-heading-title elementor-size-default\">Wir bieten <\/h3>\t\t\t\t<\/div>\n\t\t\t\t<\/div>\n\t\t\t\t<div class=\"elementor-element elementor-element-14cceb3a elementor-widget elementor-widget-text-editor\" data-id=\"14cceb3a\" data-element_type=\"widget\" data-e-type=\"widget\" data-widget_type=\"text-editor.default\">\n\t\t\t\t<div class=\"elementor-widget-container\">\n\t\t\t\t\t\t\t\t\t<p>Wir sind ein modernes und unabh\u00e4ngiges Medienhaus, das sich engagierter als die meisten Mitbewerber dem digitalen Wandel stellt und Ihnen deshalb eine echte Perspektive \u00fcber die gedruckte Tageszeitung hinaus bieten kann. Unsere Redaktion ist multimedial aufgestellt und scheut sich nicht davor, gesellschaftliche Debatten in ihrer gesamten Vielfalt abzubilden. Unsere Standorte liegen in der Uckermark \u2013 eine der kulturell und landschaftlich sch\u00f6nsten Regionen Deutschlands, n\u00f6rdlich von Berlin. Unsere Uckermark-Redakteure betreuen das Gebiet zwischen Prenzlau und Templin, Lychen und Br\u00fcssow, Angerm\u00fcnde und Schwedt.<\/p>\t\t\t\t\t\t\t\t<\/div>\n\t\t\t\t<\/div>\n\t\t\t\t<div class=\"elementor-element elementor-element-7b78e3d elementor-widget-divider--view-line elementor-widget elementor-widget-divider\" data-id=\"7b78e3d\" data-element_type=\"widget\" data-e-type=\"widget\" data-widget_type=\"divider.default\">\n\t\t\t\t<div class=\"elementor-widget-container\">\n\t\t\t\t\t\t\t<div class=\"elementor-divider\">\n\t\t\t<span class=\"elementor-divider-separator\">\n\t\t\t\t\t\t<\/span>\n\t\t<\/div>\n\t\t\t\t\t\t<\/div>\n\t\t\t\t<\/div>\n\t\t\t\t<div class=\"elementor-element elementor-element-5b748068 elementor-widget elementor-widget-text-editor\" data-id=\"5b748068\" data-element_type=\"widget\" data-e-type=\"widget\" data-widget_type=\"text-editor.default\">\n\t\t\t\t<div class=\"elementor-widget-container\">\n\t\t\t\t\t\t\t\t\t<div class=\"wpb_text_column wpb_content_element\"><div class=\"wpb_wrapper\"><section id=\"sp-main-body\"><div class=\"container\"><div class=\"container-inner\"><div class=\"row\"><div class=\"sp-column\"><div class=\"article-details\"><p>Haben wir Ihr Interesse geweckt: Dann freuen wir uns auf Ihre aussagekr\u00e4ftige Onlinebewerbung an Iris Beetz, <strong><a href=\"mailto:i.beetz@nordkurier.de\">i.beetz@nordkurier.de<\/a><\/strong><\/p><\/div><\/div><\/div><\/div><\/div><\/section><\/div><p>Uckermark Kurier GmbH &amp; Co. KG, Gesch\u00e4ftsf\u00fchrung<br \/>Grabowstra\u00dfe 15A, 17291 Prenzlau<br \/>www.nordkurier-mediengruppe.de<\/p><\/div>\t\t\t\t\t\t\t\t<\/div>\n\t\t\t\t<\/div>\n\t\t\t\t<div class=\"elementor-element elementor-element-39b1cc9 elementor-widget-divider--view-line elementor-widget elementor-widget-divider\" data-id=\"39b1cc9\" data-element_type=\"widget\" data-e-type=\"widget\" data-widget_type=\"divider.default\">\n\t\t\t\t<div class=\"elementor-widget-container\">\n\t\t\t\t\t\t\t<div class=\"elementor-divider\">\n\t\t\t<span class=\"elementor-divider-separator\">\n\t\t\t\t\t\t<\/span>\n\t\t<\/div>\n\t\t\t\t\t\t<\/div>\n\t\t\t\t<\/div>\n\t\t\t\t<div class=\"elementor-element elementor-element-d100900 elementor-widget-divider--view-line elementor-widget elementor-widget-divider\" data-id=\"d100900\" data-element_type=\"widget\" data-e-type=\"widget\" data-widget_type=\"divider.default\">\n\t\t\t\t<div class=\"elementor-widget-container\">\n\t\t\t\t\t\t\t<div class=\"elementor-divider\">\n\t\t\t<span class=\"elementor-divider-separator\">\n\t\t\t\t\t\t<\/span>\n\t\t<\/div>\n\t\t\t\t\t\t<\/div>\n\t\t\t\t<\/div>\n\t\t\t\t\t<\/div>\n\t\t<\/div>\n\t\t\t\t\t<\/div>\n\t\t<\/section>\n\t\t\t\t<section class=\"elementor-section elementor-top-section elementor-element elementor-element-15ff396 elementor-section-boxed elementor-section-height-default elementor-section-height-default\" data-id=\"15ff396\" data-element_type=\"section\" data-e-type=\"section\">\n\t\t\t\t\t\t<div class=\"elementor-container elementor-column-gap-default\">\n\t\t\t\t\t<div class=\"elementor-column elementor-col-100 elementor-top-column elementor-element elementor-element-e087ca8\" data-id=\"e087ca8\" data-element_type=\"column\" data-e-type=\"column\">\n\t\t\t<div class=\"elementor-widget-wrap elementor-element-populated\">\n\t\t\t\t\t\t<div class=\"elementor-element elementor-element-97a9b7d elementor-widget elementor-widget-spacer\" data-id=\"97a9b7d\" data-element_type=\"widget\" data-e-type=\"widget\" data-widget_type=\"spacer.default\">\n\t\t\t\t<div class=\"elementor-widget-container\">\n\t\t\t\t\t\t\t<div class=\"elementor-spacer\">\n\t\t\t<div class=\"elementor-spacer-inner\"><\/div>\n\t\t<\/div>\n\t\t\t\t\t\t<\/div>\n\t\t\t\t<\/div>\n\t\t\t\t\t<\/div>\n\t\t<\/div>\n\t\t\t\t\t<\/div>\n\t\t<\/section>\n\t\t\t\t<\/div>","protected":false},"excerpt":{"rendered":"<p>Reporter (m\/w) in Vollzeit Wo? Prenzlau Sie suchen eine neue berufliche Herausforderung? Die Uckermark Kurier GmbH &amp; Co. KG sucht einen ambitionierten Reporter (m\/w) in Vollzeit Ihre Aufgaben Leserrelevante Themensetzung Recherchieren, Texten, Fotografieren und Filmen von Beitr\u00e4gen f\u00fcr unsere Medien Kontakt halten zu unseren Lesern und Zuschauern Voraussetzungen, die wir uns w\u00fcnschen Sie verf\u00fcgen \u00fcber [&hellip;]<\/p>\n","protected":false},"author":4,"featured_media":0,"comment_status":"closed","ping_status":"closed","sticky":false,"template":"elementor_header_footer","format":"standard","meta":{"footnotes":""},"categories":[8],"tags":[7],"class_list":["post-12229","post","type-post","status-publish","format-standard","hentry","category-weitere_standorte","tag-neubrandenburg"],"_links":{"self":[{"href":"https:\/\/www.nordkurier-mediengruppe.de\/en\/wp-json\/wp\/v2\/posts\/12229","targetHints":{"allow":["GET"]}}],"collection":[{"href":"https:\/\/www.nordkurier-mediengruppe.de\/en\/wp-json\/wp\/v2\/posts"}],"about":[{"href":"https:\/\/www.nordkurier-mediengruppe.de\/en\/wp-json\/wp\/v2\/types\/post"}],"author":[{"embeddable":true,"href":"https:\/\/www.nordkurier-mediengruppe.de\/en\/wp-json\/wp\/v2\/users\/4"}],"replies":[{"embeddable":true,"href":"https:\/\/www.nordkurier-mediengruppe.de\/en\/wp-json\/wp\/v2\/comments?post=12229"}],"version-history":[{"count":1,"href":"https:\/\/www.nordkurier-mediengruppe.de\/en\/wp-json\/wp\/v2\/posts\/12229\/revisions"}],"predecessor-version":[{"id":16348,"href":"https:\/\/www.nordkurier-mediengruppe.de\/en\/wp-json\/wp\/v2\/posts\/12229\/revisions\/16348"}],"wp:attachment":[{"href":"https:\/\/www.nordkurier-mediengruppe.de\/en\/wp-json\/wp\/v2\/media?parent=12229"}],"wp:term":[{"taxonomy":"category","embeddable":true,"href":"https:\/\/www.nordkurier-mediengruppe.de\/en\/wp-json\/wp\/v2\/categories?post=12229"},{"taxonomy":"post_tag","embeddable":true,"href":"https:\/\/www.nordkurier-mediengruppe.de\/en\/wp-json\/wp\/v2\/tags?post=12229"}],"curies":[{"name":"wp","href":"https:\/\/api.w.org\/{rel}","templated":true}]}}