{"id":12545,"date":"2021-01-19T13:48:04","date_gmt":"2021-01-19T12:48:04","guid":{"rendered":"http:\/\/www.nordkurier-mediengruppe.de\/?p=12545"},"modified":"2021-05-31T12:10:39","modified_gmt":"2021-05-31T10:10:39","slug":"organisationsleiter-m-w-2","status":"publish","type":"post","link":"https:\/\/www.nordkurier-mediengruppe.de\/en\/2021\/01\/19\/organisationsleiter-m-w-2\/","title":{"rendered":"Organisationsleiter (m\/w)"},"content":{"rendered":"<div data-elementor-type=\"wp-post\" data-elementor-id=\"12545\" class=\"elementor elementor-12545\" data-elementor-post-type=\"post\">\n\t\t\t\t\t\t<section class=\"elementor-section elementor-top-section elementor-element elementor-element-3cebc0a elementor-section-boxed elementor-section-height-default elementor-section-height-default\" data-id=\"3cebc0a\" data-element_type=\"section\" data-e-type=\"section\">\n\t\t\t\t\t\t<div class=\"elementor-container elementor-column-gap-default\">\n\t\t\t\t\t<div class=\"elementor-column elementor-col-100 elementor-top-column elementor-element elementor-element-d2b86dd\" data-id=\"d2b86dd\" data-element_type=\"column\" data-e-type=\"column\">\n\t\t\t<div class=\"elementor-widget-wrap elementor-element-populated\">\n\t\t\t\t\t\t<div class=\"elementor-element elementor-element-59f431b elementor-widget elementor-widget-spacer\" data-id=\"59f431b\" data-element_type=\"widget\" data-e-type=\"widget\" data-widget_type=\"spacer.default\">\n\t\t\t\t<div class=\"elementor-widget-container\">\n\t\t\t\t\t\t\t<div class=\"elementor-spacer\">\n\t\t\t<div class=\"elementor-spacer-inner\"><\/div>\n\t\t<\/div>\n\t\t\t\t\t\t<\/div>\n\t\t\t\t<\/div>\n\t\t\t\t\t<\/div>\n\t\t<\/div>\n\t\t\t\t\t<\/div>\n\t\t<\/section>\n\t\t\t\t<section class=\"elementor-section elementor-top-section elementor-element elementor-element-da01106 elementor-section-boxed elementor-section-height-default elementor-section-height-default\" data-id=\"da01106\" data-element_type=\"section\" data-e-type=\"section\" data-settings=\"{&quot;background_background&quot;:&quot;classic&quot;}\">\n\t\t\t\t\t\t<div class=\"elementor-container elementor-column-gap-default\">\n\t\t\t\t\t<div class=\"elementor-column elementor-col-100 elementor-top-column elementor-element elementor-element-82bd1d2\" data-id=\"82bd1d2\" data-element_type=\"column\" data-e-type=\"column\" data-settings=\"{&quot;background_background&quot;:&quot;classic&quot;}\">\n\t\t\t<div class=\"elementor-widget-wrap elementor-element-populated\">\n\t\t\t\t\t\t<div class=\"elementor-element elementor-element-6553974 elementor-widget elementor-widget-heading\" data-id=\"6553974\" data-element_type=\"widget\" data-e-type=\"widget\" data-widget_type=\"heading.default\">\n\t\t\t\t<div class=\"elementor-widget-container\">\n\t\t\t\t\t<h2 class=\"elementor-heading-title elementor-size-default\">Organisationsleiter (m\/w) in Torgelow<\/h2>\t\t\t\t<\/div>\n\t\t\t\t<\/div>\n\t\t\t\t<div class=\"elementor-element elementor-element-ef91fdc elementor-widget elementor-widget-text-editor\" data-id=\"ef91fdc\" data-element_type=\"widget\" data-e-type=\"widget\" data-widget_type=\"text-editor.default\">\n\t\t\t\t<div class=\"elementor-widget-container\">\n\t\t\t\t\t\t\t\t\t<p>Wann? <strong>sofort<\/strong><\/p><p>Die Nordkurier Logistik sucht zum n\u00e4chstm\u00f6glichen Zeitpunkt einen<\/p><p><strong>Organisationsleiter (m\/w) <\/strong><\/p>\t\t\t\t\t\t\t\t<\/div>\n\t\t\t\t<\/div>\n\t\t\t\t<div class=\"elementor-element elementor-element-675515e elementor-widget-divider--view-line elementor-widget elementor-widget-divider\" data-id=\"675515e\" data-element_type=\"widget\" data-e-type=\"widget\" data-widget_type=\"divider.default\">\n\t\t\t\t<div class=\"elementor-widget-container\">\n\t\t\t\t\t\t\t<div class=\"elementor-divider\">\n\t\t\t<span class=\"elementor-divider-separator\">\n\t\t\t\t\t\t<\/span>\n\t\t<\/div>\n\t\t\t\t\t\t<\/div>\n\t\t\t\t<\/div>\n\t\t\t\t<div class=\"elementor-element elementor-element-347f072 elementor-widget elementor-widget-heading\" data-id=\"347f072\" data-element_type=\"widget\" data-e-type=\"widget\" data-widget_type=\"heading.default\">\n\t\t\t\t<div class=\"elementor-widget-container\">\n\t\t\t\t\t<h3 class=\"elementor-heading-title elementor-size-default\">Ihre Aufgaben<\/h3>\t\t\t\t<\/div>\n\t\t\t\t<\/div>\n\t\t\t\t<div class=\"elementor-element elementor-element-2d77a5c elementor-widget elementor-widget-text-editor\" data-id=\"2d77a5c\" data-element_type=\"widget\" data-e-type=\"widget\" data-widget_type=\"text-editor.default\">\n\t\t\t\t<div class=\"elementor-widget-container\">\n\t\t\t\t\t\t\t\t\t<ul><li>Sie \u00fcbernehmen die operative Leitung eines regionalen Zustellstandortes mit entsprechender Weisungsbefugnis und koordinieren den Personaleinsatz von ca. 50 Zustellern.<\/li><li>Sie organisieren und verantworten die Zustellung unserer Printprodukte, Post-,Paket- und Lebensmittelsendungen.<\/li><li>Sie \u00fcberwachen die Zustellergebnisse und optimieren die Zustellprozesse.<\/li><li>Sie \u00fcbernehmen die Auswahl und Einstellung von Bewerbern.<\/li><li>Sie verantworten die Erfassung von Einsatzzeiten f\u00fcr die Bonus- und Personalabrechnung.<\/li><li>Sie \u00fcberwachen die t\u00e4gliche Einsatzplanung der Fahrzeuge sowie deren Zustand.<\/li><\/ul>\t\t\t\t\t\t\t\t<\/div>\n\t\t\t\t<\/div>\n\t\t\t\t<div class=\"elementor-element elementor-element-756b3b8 elementor-widget-divider--view-line elementor-widget elementor-widget-divider\" data-id=\"756b3b8\" data-element_type=\"widget\" data-e-type=\"widget\" data-widget_type=\"divider.default\">\n\t\t\t\t<div class=\"elementor-widget-container\">\n\t\t\t\t\t\t\t<div class=\"elementor-divider\">\n\t\t\t<span class=\"elementor-divider-separator\">\n\t\t\t\t\t\t<\/span>\n\t\t<\/div>\n\t\t\t\t\t\t<\/div>\n\t\t\t\t<\/div>\n\t\t\t\t<div class=\"elementor-element elementor-element-f024fe8 elementor-widget elementor-widget-heading\" data-id=\"f024fe8\" data-element_type=\"widget\" data-e-type=\"widget\" data-widget_type=\"heading.default\">\n\t\t\t\t<div class=\"elementor-widget-container\">\n\t\t\t\t\t<h3 class=\"elementor-heading-title elementor-size-default\">Voraussetzungen, die wir uns w\u00fcnschen<\/h3>\t\t\t\t<\/div>\n\t\t\t\t<\/div>\n\t\t\t\t<div class=\"elementor-element elementor-element-a3408a5 elementor-widget elementor-widget-text-editor\" data-id=\"a3408a5\" data-element_type=\"widget\" data-e-type=\"widget\" data-widget_type=\"text-editor.default\">\n\t\t\t\t<div class=\"elementor-widget-container\">\n\t\t\t\t\t\t\t\t\t<ul><li>Sie haben eine abgeschlossene kaufm\u00e4nnische Berufsausbildung und vorzugsweise Berufserfahrung in der Auslieferung und Zustellung.<\/li><li>Sie sind sicher im Umgang mit den g\u00e4ngigen MS-Office-Anwendungen und besitzen einen F\u00fchrerschein der Klasse B.<\/li><li>Sie haben Freude an Teamarbeit und verf\u00fcgen \u00fcber sehr gute Kommunikationsf\u00e4higkeiten.<\/li><li>Sie arbeiten strukturiert, mit hohem Qualit\u00e4tsanspruch und bringen Improvisationstalent mit.<\/li><li>Sie \u00fcberzeugen mit Verantwortungsbewusstsein, Eigeninitiative, Flexibilit\u00e4t, Belastbarkeit und Durchsetzungsf\u00e4higkeit.<\/li><\/ul>\t\t\t\t\t\t\t\t<\/div>\n\t\t\t\t<\/div>\n\t\t\t\t<div class=\"elementor-element elementor-element-e7b23ed elementor-widget-divider--view-line elementor-widget elementor-widget-divider\" data-id=\"e7b23ed\" data-element_type=\"widget\" data-e-type=\"widget\" data-widget_type=\"divider.default\">\n\t\t\t\t<div class=\"elementor-widget-container\">\n\t\t\t\t\t\t\t<div class=\"elementor-divider\">\n\t\t\t<span class=\"elementor-divider-separator\">\n\t\t\t\t\t\t<\/span>\n\t\t<\/div>\n\t\t\t\t\t\t<\/div>\n\t\t\t\t<\/div>\n\t\t\t\t<div class=\"elementor-element elementor-element-67287ab elementor-widget elementor-widget-heading\" data-id=\"67287ab\" data-element_type=\"widget\" data-e-type=\"widget\" data-widget_type=\"heading.default\">\n\t\t\t\t<div class=\"elementor-widget-container\">\n\t\t\t\t\t<h3 class=\"elementor-heading-title elementor-size-default\">Wir bieten <\/h3>\t\t\t\t<\/div>\n\t\t\t\t<\/div>\n\t\t\t\t<div class=\"elementor-element elementor-element-0c7dbfb elementor-widget elementor-widget-text-editor\" data-id=\"0c7dbfb\" data-element_type=\"widget\" data-e-type=\"widget\" data-widget_type=\"text-editor.default\">\n\t\t\t\t<div class=\"elementor-widget-container\">\n\t\t\t\t\t\t\t\t\t<p>Die Nordkurier Logistik bietet Ihnen eine interessante, eigenverantwortliche und abwechslungsreiche T\u00e4tigkeit im spannenden Umfeld der Medienbranche. Es erwartet Sie ein aufgeschlossenes, freundliches und motiviertes Team, welches Sie bei Ihrer intensiven Einarbeitung bestm\u00f6glich unterst\u00fctzt. Ebenfalls bieten wir Ihnen eine attraktive Verg\u00fctung, ein unbefristetes Arbeitsverh\u00e4ltnis mit einer 40 Stunden\/Woche sowie 30 Tage Urlaub.<\/p>\t\t\t\t\t\t\t\t<\/div>\n\t\t\t\t<\/div>\n\t\t\t\t<div class=\"elementor-element elementor-element-b02a3a5 elementor-widget-divider--view-line elementor-widget elementor-widget-divider\" data-id=\"b02a3a5\" data-element_type=\"widget\" data-e-type=\"widget\" data-widget_type=\"divider.default\">\n\t\t\t\t<div class=\"elementor-widget-container\">\n\t\t\t\t\t\t\t<div class=\"elementor-divider\">\n\t\t\t<span class=\"elementor-divider-separator\">\n\t\t\t\t\t\t<\/span>\n\t\t<\/div>\n\t\t\t\t\t\t<\/div>\n\t\t\t\t<\/div>\n\t\t\t\t<div class=\"elementor-element elementor-element-6d13543 elementor-widget elementor-widget-text-editor\" data-id=\"6d13543\" data-element_type=\"widget\" data-e-type=\"widget\" data-widget_type=\"text-editor.default\">\n\t\t\t\t<div class=\"elementor-widget-container\">\n\t\t\t\t\t\t\t\t\t<p><strong>Sind Sie interessiert? <\/strong>Dann senden Sie bitte Ihre aussagekr\u00e4ftigen Bewerbungsunterlagen mit Ihren Gehaltsvorstellungen sowie Ihrem fr\u00fchesten Eintrittstermin per E-Mail an: <a href=\"mailto:karriere@nordkurier-mediengruppe.de\"><strong>karriere@nordkurier-mediengruppe.de<\/strong><\/a><\/p>\t\t\t\t\t\t\t\t<\/div>\n\t\t\t\t<\/div>\n\t\t\t\t<div class=\"elementor-element elementor-element-98807c1 elementor-widget elementor-widget-text-editor\" data-id=\"98807c1\" data-element_type=\"widget\" data-e-type=\"widget\" data-widget_type=\"text-editor.default\">\n\t\t\t\t<div class=\"elementor-widget-container\">\n\t\t\t\t\t\t\t\t\t<p><strong>Sollte dies nicht m\u00f6glich sein, senden Sie Ihre Bewerbung bitte an:<\/strong><\/p><p>Nordkurier Logistik Mecklenburg-Vorpommern GmbH &amp; Co. KG<br \/>z.Hd. Mandy Schulz<br \/>Friedrich-Engels-Ring 29<br \/>17033 Neubrandenburg<\/p>\t\t\t\t\t\t\t\t<\/div>\n\t\t\t\t<\/div>\n\t\t\t\t\t<\/div>\n\t\t<\/div>\n\t\t\t\t\t<\/div>\n\t\t<\/section>\n\t\t\t\t<section class=\"elementor-section elementor-top-section elementor-element elementor-element-9219923 elementor-section-boxed elementor-section-height-default elementor-section-height-default\" data-id=\"9219923\" data-element_type=\"section\" data-e-type=\"section\">\n\t\t\t\t\t\t<div class=\"elementor-container elementor-column-gap-default\">\n\t\t\t\t\t<div class=\"elementor-column elementor-col-100 elementor-top-column elementor-element elementor-element-0cab3e2\" data-id=\"0cab3e2\" data-element_type=\"column\" data-e-type=\"column\">\n\t\t\t<div class=\"elementor-widget-wrap elementor-element-populated\">\n\t\t\t\t\t\t<div class=\"elementor-element elementor-element-63aea95 elementor-widget elementor-widget-spacer\" data-id=\"63aea95\" data-element_type=\"widget\" data-e-type=\"widget\" data-widget_type=\"spacer.default\">\n\t\t\t\t<div class=\"elementor-widget-container\">\n\t\t\t\t\t\t\t<div class=\"elementor-spacer\">\n\t\t\t<div class=\"elementor-spacer-inner\"><\/div>\n\t\t<\/div>\n\t\t\t\t\t\t<\/div>\n\t\t\t\t<\/div>\n\t\t\t\t\t<\/div>\n\t\t<\/div>\n\t\t\t\t\t<\/div>\n\t\t<\/section>\n\t\t\t\t<\/div>","protected":false},"excerpt":{"rendered":"<p>Organisationsleiter (m\/w) in Torgelow Wann? sofort Die Nordkurier Logistik sucht zum n\u00e4chstm\u00f6glichen Zeitpunkt einen Organisationsleiter (m\/w) Ihre Aufgaben Sie \u00fcbernehmen die operative Leitung eines regionalen Zustellstandortes mit entsprechender Weisungsbefugnis und koordinieren den Personaleinsatz von ca. 50 Zustellern. Sie organisieren und verantworten die Zustellung unserer Printprodukte, Post-,Paket- und Lebensmittelsendungen. Sie \u00fcberwachen die Zustellergebnisse und optimieren die [&hellip;]<\/p>\n","protected":false},"author":4,"featured_media":14717,"comment_status":"closed","ping_status":"closed","sticky":false,"template":"elementor_header_footer","format":"standard","meta":{"footnotes":""},"categories":[8],"tags":[7],"class_list":["post-12545","post","type-post","status-publish","format-standard","has-post-thumbnail","hentry","category-weitere_standorte","tag-neubrandenburg"],"_links":{"self":[{"href":"https:\/\/www.nordkurier-mediengruppe.de\/en\/wp-json\/wp\/v2\/posts\/12545","targetHints":{"allow":["GET"]}}],"collection":[{"href":"https:\/\/www.nordkurier-mediengruppe.de\/en\/wp-json\/wp\/v2\/posts"}],"about":[{"href":"https:\/\/www.nordkurier-mediengruppe.de\/en\/wp-json\/wp\/v2\/types\/post"}],"author":[{"embeddable":true,"href":"https:\/\/www.nordkurier-mediengruppe.de\/en\/wp-json\/wp\/v2\/users\/4"}],"replies":[{"embeddable":true,"href":"https:\/\/www.nordkurier-mediengruppe.de\/en\/wp-json\/wp\/v2\/comments?post=12545"}],"version-history":[{"count":5,"href":"https:\/\/www.nordkurier-mediengruppe.de\/en\/wp-json\/wp\/v2\/posts\/12545\/revisions"}],"predecessor-version":[{"id":16351,"href":"https:\/\/www.nordkurier-mediengruppe.de\/en\/wp-json\/wp\/v2\/posts\/12545\/revisions\/16351"}],"wp:featuredmedia":[{"embeddable":true,"href":"https:\/\/www.nordkurier-mediengruppe.de\/en\/wp-json\/wp\/v2\/media\/14717"}],"wp:attachment":[{"href":"https:\/\/www.nordkurier-mediengruppe.de\/en\/wp-json\/wp\/v2\/media?parent=12545"}],"wp:term":[{"taxonomy":"category","embeddable":true,"href":"https:\/\/www.nordkurier-mediengruppe.de\/en\/wp-json\/wp\/v2\/categories?post=12545"},{"taxonomy":"post_tag","embeddable":true,"href":"https:\/\/www.nordkurier-mediengruppe.de\/en\/wp-json\/wp\/v2\/tags?post=12545"}],"curies":[{"name":"wp","href":"https:\/\/api.w.org\/{rel}","templated":true}]}}